{"id":400,"date":"2023-10-05T06:47:39","date_gmt":"2023-10-05T04:47:39","guid":{"rendered":"https:\/\/www.globalvillage069.de\/?p=400"},"modified":"2023-10-05T06:47:39","modified_gmt":"2023-10-05T04:47:39","slug":"sonderfolge-die-interkulturelle-woche-frankfurt","status":"publish","type":"post","link":"https:\/\/www.globalvillage069.de\/en\/sonderfolge-die-interkulturelle-woche-frankfurt\/","title":{"rendered":"Sonderfolge: Die Interkulturelle Woche Frankfurt"},"content":{"rendered":"<div class=\"wp-block-group has-quartary-color has-primary-background-color has-text-color has-background is-layout-constrained wp-block-group-is-layout-constrained\" style=\"border-radius:6px\">\n<p class=\"has-text-align-center has-small-font-size\">Abonniere den Podcast und h\u00f6re diese Folge auf:<\/p>\n\n\n\n<div class=\"wp-block-group is-content-justification-center is-nowrap is-layout-flex wp-container-core-group-is-layout-23441af8 wp-block-group-is-layout-flex\">\n<p class=\"has-medium-font-size\"><a href=\"https:\/\/open.spotify.com\/show\/4y8Xd1nKOFM0q73pjUL6se\">Spotify<\/a><\/p>\n\n\n\n<p class=\"has-text-align-left has-medium-font-size\"><a href=\"https:\/\/podcasts.apple.com\/us\/podcast\/global-village-069-die-welt-zu-hause-in-frankfurt\/id1658634844\">Apple Podcasts<\/a><\/p>\n<\/div>\n<\/div>\n\n\n\n<div class=\"wp-block-group is-layout-constrained wp-block-group-is-layout-constrained\">\n<div class=\"wp-block-buttons is-content-justification-center is-layout-flex wp-container-core-buttons-is-layout-a89b3969 wp-block-buttons-is-layout-flex\">\n<div class=\"wp-block-button is-style-outline is-style-outline--1\"><a class=\"wp-block-button__link has-primary-color has-text-color wp-element-button\" href=\"#deutsch\">Deutsch<\/a><\/div>\n\n\n\n<div class=\"wp-block-button is-style-outline is-style-outline--2\"><a class=\"wp-block-button__link has-primary-color has-text-color wp-element-button\" href=\"#englisch\">English<\/a><\/div>\n<\/div>\n<\/div>\n\n\n\n<div id=\"deutsch\" class=\"wp-block-group is-layout-constrained wp-container-core-group-is-layout-3a974f8b wp-block-group-is-layout-constrained\" style=\"padding-top:35px;padding-right:35px;padding-bottom:35px;padding-left:35px\">\n<h2 class=\"wp-block-heading has-large-font-size\" id=\"deutsch\" style=\"margin-top:0px;padding-top:0px\">Deutsch<\/h2>\n\n\n\n<p>Gude und herzlich willkommen zu dieser Sonderfolge von Global Village 069 \u2013 die Welt zu Hause in Frankfurt.<\/p>\n\n\n\n<p>Diese Episode wird ein bisschen anders als normalerweise. Denn heute geht es ausnahmsweise nicht darum, in ein bestimmtes Land innerhalb von Frankfurt zu reisen. Stattdessen gibt es dieses Mal einen R\u00fcckblick auf eine gro\u00dfartige Veranstaltung, die es zwar deutschlandweit gibt, die aber meiner Meinung nach ganz besonders gut zu Frankfurt passt: <a href=\"https:\/\/www.interkulturellewoche.de\/startseite\">Die Interkulturelle Woche<\/a>.<\/p>\n\n\n\n<p>Die Interkulturelle Woche findet jedes Jahr in der letzten Septemberwoche in rund 600 St\u00e4dten in der gesamten Bundesrepublik statt. Das Ziel ist, dass Vereine, Initiativen und Privatpersonen, die sich f\u00fcr interkulturelle Vielfalt einsetzen, sich mit Veranstaltungen in ihrer Stadt pr\u00e4sentieren. Das kann alles M\u00f6gliche sein, vom Sprachcaf\u00e9 \u00fcber ein Sportfest bis hin zu einem Theater- oder Filmabend oder einem Kochevent.<\/p>\n\n\n\n<p>In Frankfurt wurde die \u201eIKW\u201c dieses Jahr von <a href=\"https:\/\/ueberdentellerrand.org\/satelliten\/frankfurt\/\">\u00dcber den Tellerrand Frankfurt<\/a> unter dem Motto \u201eFrankfurt is(s)t bunt\u201c ausgerichtet. Diesen wunderbaren Verein kennt ihr vielleicht noch aus Folge 7. \u00dcber den Tellerrand hat \u00fcber 40 andere Organisationen in unserer Stadt mobilisiert, die \u00fcber 80 Veranstaltungen angeboten haben \u2013 eine Wahnsinns-Zahl!<\/p>\n\n\n\n<p>Ein besonderes Highlight war die feierliche Er\u00f6ffnung der <a href=\"https:\/\/www.ueberdentellerrand-ffm.org\/ikw\">Interkulturellen Woche Frankfurt<\/a> am 21. September in den R\u00e4umlichkeiten des <a href=\"https:\/\/www.amka.de\/\">Amts f\u00fcr Multikulturelle Angelegenheiten<\/a>, oder kurz Amka. Ganz wichtig: Auch wenn die Interkulturelle Woche 2023 vorbei ist, alle Organisationen, die bei der Interkulturellen Woche mitgemacht haben, bieten fortlaufend spannende und wichtige Events an!<\/p>\n\n\n\n<p>Ich war dort f\u00fcr euch unterwegs und habe mich mit gleich drei spannenden Organisationen unterhalten und mit unserer B\u00fcrgermeisterin <a href=\"https:\/\/frankfurt.de\/service-und-rathaus\/stadtpolitik\/magistrat\/dezernenten\/buergermeisterin-dr-nargess-eskandari-gruenberg-die-gruenen-im-roemer\">Dr. Nargess Eskandari-Gr\u00fcnberg<\/a> dar\u00fcber unterhalten, warum die Interkulturelle Woche f\u00fcr Frankfurt so wichtig ist.<\/p>\n\n\n\n<p>Viel Spa\u00df!<\/p>\n\n\n\n<h3 class=\"wp-block-heading\"><strong>Links und Kontakte zur Interkulturellen Woche und den Organisationen<\/strong><\/h3>\n\n\n\n<p><strong><a href=\"https:\/\/www.megalomania-theater.de\/\">Megalomania Theater<\/a>: <\/strong>Freies Theater in Oberrad, das sich durch Theaterst\u00fccke, Konzerte und Lesungen gegen Fremdenhass und Antisemitismus einsetzt.<\/p>\n\n\n\n<p><strong><a href=\"https:\/\/www.israaid-germany.de\/\">IsraAid Germany e.V<\/a><\/strong>.: gemeinn\u00fctziger Verein, der sich sowohl bei akuten Katastrophen als auch langfristig in der psychosozialen Hilfe engagiert.<\/p>\n\n\n\n<p>Kontakt f\u00fcr das Projekt \u201e<a href=\"https:\/\/www.israaid-germany.de\/projekte-brueckenbau\">Br\u00fcckenbau \u2013 Vielfalt begegnen<\/a>\u201c in Frankfurt am Main, das Kunsttherapie und psychosoziale Beratung f\u00fcr gefl\u00fcchtete Menschen bietet:<\/p>\n\n\n\n<ul class=\"wp-block-list\">\n<li>Julia Beitner: <a href=\"mailto:jbeitner@israaid-germany.de\">jbeitner@israaid-germany.de<\/a><\/li>\n\n\n\n<li>Elena Lossin: <a href=\"mailto:Elossin@israaid-germany.de\">Elossin@israaid-germany.de<\/a>; +49 1573 0477393<\/li>\n\n\n\n<li>Leonie Zander: <a href=\"mailto:lzander@israaid-germany.de\">lzander@israaid-germany.de<\/a>; +49 151 50870385<\/li>\n<\/ul>\n\n\n\n<p><strong><a href=\"https:\/\/aba-ev.org\/\">Ab\u00e1 e.V.<\/a><\/strong>: Arbeitskreis f\u00fcr Menschenrechte mit Sitz in der Berger Stra\u00dfe. Eines der laufenden Projekte des Vereins hei\u00dft \u201e<a href=\"https:\/\/aba-ev.org\/wandel\/\">Werde Teil des Wandels<\/a>\u201c. Hier geht es um interkulturelle Vermittlung von Nachhaltigkeit und Entwicklungspolitik, speziell aus der Sicht von Migrantinnen aus dem globalen S\u00fcden.<\/p>\n<\/div>\n\n\n\n<div class=\"wp-block-group is-layout-constrained wp-container-core-group-is-layout-3a974f8b wp-block-group-is-layout-constrained\" style=\"padding-top:35px;padding-right:35px;padding-bottom:35px;padding-left:35px\">\n<h2 class=\"wp-block-heading has-large-font-size\" id=\"deutsch\" style=\"margin-top:0px;padding-top:0px\">English<\/h2>\n\n\n\n<h2 class=\"wp-block-heading\" id=\"englisch\">Special episode: The Intercultural Week Frankfurt<\/h2>\n\n\n\n<p>Gude and welcome to this special episode of Global Village 069 &#8211; the world at home in Frankfurt.<\/p>\n\n\n\n<p>This episode will be a bit different than usual. Because today, for once, it&#8217;s not about traveling to a specific country within Frankfurt. Instead, this time there&#8217;s a look back at a great event that exists throughout Germany, but which I think is particularly well suited to Frankfurt: the <a href=\"https:\/\/www.interkulturellewoche.de\/startseite\">Intercultural Week<\/a>.<\/p>\n\n\n\n<p>The Intercultural Week takes place every year in the last week of September in about 600 cities throughout the country. The aim is for associations, initiatives and private individuals who are committed to intercultural diversity to present themselves with events in their city. The offer ranges from language caf\u00e9s and a sports festivals to theater or film evenings or cooking events.<\/p>\n\n\n\n<p>In Frankfurt, the &#8222;IKW&#8220; was organized this year by <a href=\"https:\/\/ueberdentellerrand.org\/satelliten\/frankfurt\/\">\u00dcber den Tellerrand Frankfurt<\/a>. You may remember this wonderful association from episode 7. \u00dcber den Tellerrand mobilized more than 40 other organizations in our city, who offered more than 80 events &#8211; an amazing number!<\/p>\n\n\n\n<p>A particularly big highlight was the ceremonial opening of the <a href=\"https:\/\/www.ueberdentellerrand-ffm.org\/ikw\">Intercultural Week Frankfurt<\/a> on September 21 in the premises of the <a href=\"https:\/\/www.amka.de\/\">Office for Multicultural Affairs<\/a>, or Amka for short. Very important to note: Even if the Intercultural Week 2023 is over, all organizations that participated in the Intercultural Week continuously offer exciting and important events!<\/p>\n\n\n\n<p>I was there on the night and got to speak to three exciting organizations as well as our mayor <a href=\"https:\/\/frankfurt.de\/service-und-rathaus\/stadtpolitik\/magistrat\/dezernenten\/buergermeisterin-dr-nargess-eskandari-gruenberg-die-gruenen-im-roemer\">Dr. Nargess Eskandari-Gr\u00fcnberg<\/a> about why the Intercultural Week is so important for Frankfurt.<\/p>\n\n\n\n<p>Enjoy!<\/p>\n\n\n\n<h3 class=\"wp-block-heading\"><strong>Links and contacts to the Intercultural Week and the organizations<\/strong><\/h3>\n\n\n\n<p><a href=\"https:\/\/www.megalomania-theater.de\/\"><strong>Megalomania Theater<\/strong><\/a>: Off-theater in Oberrad, which campaigns against xenophobia and anti-semitism through plays, concerts and readings.<\/p>\n\n\n\n<p><strong><a href=\"https:\/\/www.israaid-germany.de\/\">IsraAid Germany e.V.:<\/a> <\/strong>non-profit organization that provides aid in moments of acute crisis as well as long-term psychosocial support.<\/p>\n\n\n\n<p>Contact for the project &#8222;<a href=\"https:\/\/www.israaid-germany.de\/projekte-brueckenbau\">Br\u00fcckenbau &#8211; Vielfalt begegnen<\/a>&#8220; (Building Bridges &#8211; Encountering Diversity) in Frankfurt am Main, which provides art therapy and psychosocial counseling for refugees:<\/p>\n\n\n\n<ul class=\"wp-block-list\">\n<li>Julia Beitner: <a href=\"mailto:jbeitner@israaid-germany.de\">jbeitner@israaid-germany.de<\/a><\/li>\n\n\n\n<li>Elena Lossin: <a href=\"mailto:Elossin@israaid-germany.de\">Elossin@israaid-germany.de;<\/a> +49 1573 0477393<\/li>\n\n\n\n<li>Leonie Zander: <a href=\"mailto:lzander@israaid-germany.de\">lzander@israaid-germany.de<\/a>; +49 151 50870385<\/li>\n<\/ul>\n\n\n\n<p><a href=\"https:\/\/aba-ev.org\/en\/\"><strong>Ab\u00e1 e.V.:<\/strong><\/a> Working group for human rights based in Berger Stra\u00dfe. One of the association&#8217;s ongoing projects is called &#8222;<a href=\"https:\/\/aba-ev.org\/en\/wandel\/\">Become part of the change<\/a>&#8222;. This is about intercultural mediation of sustainability and development policy, especially from the perspective of migrant women from the global south.<\/p>\n<\/div>","protected":false},"excerpt":{"rendered":"<p>Die Interkulturelle Woche findet jedes Jahr  in der letzten Septemberwoche in ganz Deutschland statt. Hier bekommen Organisationen, die sich f\u00fcr Vielfalt einsetzen, die M\u00f6glichkeit, sich in ihrer Stadt zu pr\u00e4sentieren. In Frankfurt wurde die \u201eIKW\u201c dieses Jahr von \u00dcber den Tellerrand Frankfurt ausgerichtet. Ich war f\u00fcr euch bei der Er\u00f6ffnungsfeier vor Ort und habe mit drei der teilnehmenden Organisationen gesprochen.<\/p>","protected":false},"author":1,"featured_media":403,"comment_status":"closed","ping_status":"open","sticky":false,"template":"","format":"standard","meta":{"footnotes":""},"categories":[1],"tags":[],"class_list":["post-400","post","type-post","status-publish","format-standard","has-post-thumbnail","hentry","category-allgemein"],"_links":{"self":[{"href":"https:\/\/www.globalvillage069.de\/en\/wp-json\/wp\/v2\/posts\/400","targetHints":{"allow":["GET"]}}],"collection":[{"href":"https:\/\/www.globalvillage069.de\/en\/wp-json\/wp\/v2\/posts"}],"about":[{"href":"https:\/\/www.globalvillage069.de\/en\/wp-json\/wp\/v2\/types\/post"}],"author":[{"embeddable":true,"href":"https:\/\/www.globalvillage069.de\/en\/wp-json\/wp\/v2\/users\/1"}],"replies":[{"embeddable":true,"href":"https:\/\/www.globalvillage069.de\/en\/wp-json\/wp\/v2\/comments?post=400"}],"version-history":[{"count":3,"href":"https:\/\/www.globalvillage069.de\/en\/wp-json\/wp\/v2\/posts\/400\/revisions"}],"predecessor-version":[{"id":405,"href":"https:\/\/www.globalvillage069.de\/en\/wp-json\/wp\/v2\/posts\/400\/revisions\/405"}],"wp:featuredmedia":[{"embeddable":true,"href":"https:\/\/www.globalvillage069.de\/en\/wp-json\/wp\/v2\/media\/403"}],"wp:attachment":[{"href":"https:\/\/www.globalvillage069.de\/en\/wp-json\/wp\/v2\/media?parent=400"}],"wp:term":[{"taxonomy":"category","embeddable":true,"href":"https:\/\/www.globalvillage069.de\/en\/wp-json\/wp\/v2\/categories?post=400"},{"taxonomy":"post_tag","embeddable":true,"href":"https:\/\/www.globalvillage069.de\/en\/wp-json\/wp\/v2\/tags?post=400"}],"curies":[{"name":"wp","href":"https:\/\/api.w.org\/{rel}","templated":true}]}}